{"id":10063,"date":"2026-03-11T14:11:06","date_gmt":"2026-03-11T17:11:06","guid":{"rendered":"https:\/\/www.anatod.com\/?p=10063"},"modified":"2026-03-11T14:22:08","modified_gmt":"2026-03-11T17:22:08","slug":"anatod-participera-au-salon-technologique-aotec-2026-a-sevilla-%f0%9f%87%aa%f0%9f%87%b8","status":"publish","type":"post","link":"https:\/\/www.anatod.com\/fr\/blog\/2026\/03\/11\/anatod-participara-en-la-feria-tecnologica-aotec-2026-en-sevilla-%f0%9f%87%aa%f0%9f%87%b8\/","title":{"rendered":"anatod \u00ae participera \u00e0 la foire technologique AOTEC 2026 \u00e0 S\u00e9ville \ud83c\uddea\ud83c\uddf8"},"content":{"rendered":"<p>Le prochain <strong>28 et 29 mai 2026<\/strong>, <strong>anatod \u00ae<\/strong> sera pr\u00e9sent lors de la <strong>Salon de la technologie AOTEC<\/strong>, l'un des \u00e9v\u00e9nements les plus importants pour les <strong>Op\u00e9rateurs de t\u00e9l\u00e9communications en Espagne<\/strong>, qui se tiendra cette ann\u00e9e \u00e0 <strong>S\u00e9ville<\/strong>.<\/p>\n\n\n\n<p>Le <strong>Salon AOTEC<\/strong> r\u00e9unit des op\u00e9rateurs locaux, des fournisseurs de technologies et des professionnels du secteur pour partager les innovations, analyser les tendances et d\u00e9couvrir de nouvelles solutions pour la gestion et l'exploitation des r\u00e9seaux de t\u00e9l\u00e9communications.<\/p>\n\n\n\n<h2 class=\"wp-block-heading\"><strong>anatod \u00ae poursuit sa pr\u00e9sence aux \u00e9v\u00e9nements AOTEC<\/strong><\/h2>\n\n\n\n<p>Pour anatod \u00ae, la participation \u00e0 cet \u00e9v\u00e9nement est devenue un rendez-vous incontournable dans le calendrier du secteur. <strong>Depuis 2023, nous sommes pr\u00e9sents \u00e0 tous les \u00e9v\u00e9nements organis\u00e9s par l'AOTEC.<\/strong>, Nous consolidons notre pr\u00e9sence dans l'\u00e9cosyst\u00e8me des op\u00e9rateurs et des fournisseurs de technologie en Espagne.<\/p>\n\n\n\n<p>Cette continuit\u00e9 refl\u00e8te notre engagement envers l'industrie et les op\u00e9rateurs qui recherchent des solutions efficaces pour la gestion de leurs r\u00e9seaux et de leurs clients.<\/p>\n\n\n\n<h2 class=\"wp-block-heading\"><strong>Nous partagerons un stand avec <\/strong>Vimtel<\/h2>\n\n\n\n<p>Dans cette \u00e9dition, nous aurons \u00e9galement le plaisir de <strong>partager un stand avec nos amis de <strong>Vim<\/strong>Tel<\/strong>, une soci\u00e9t\u00e9 sp\u00e9cialis\u00e9e dans les solutions technologiques pour les op\u00e9rateurs de t\u00e9l\u00e9communications.<\/p>\n\n\n\n<p>Vimtel d\u00e9veloppe des outils destin\u00e9s \u00e0 am\u00e9liorer l'efficacit\u00e9 et le fonctionnement des fournisseurs de services Internet et de t\u00e9l\u00e9communications.<\/p>\n\n\n\n<p>Vous pouvez en savoir plus sur son travail sur son site web : <a href=\"https:\/\/www.vimtel.es\">https:\/\/www.vimtel.es<\/a><\/p>\n\n\n\n<h2 class=\"wp-block-heading\"><strong>solutions anatod\u00ae pour les op\u00e9rateurs de t\u00e9l\u00e9communications<\/strong><\/h2>\n\n\n\n<p>Pendant le salon, l'\u00e9quipe d'anatod\u00ae sera pr\u00e9sente pour pr\u00e9senter nos solutions sp\u00e9cialement con\u00e7ues pour <strong>Op\u00e9rateurs ISP et entreprises de t\u00e9l\u00e9communications<\/strong>, parmi eux :<\/p>\n\n\n\n<ul class=\"wp-block-list\">\n<li><strong>ISPkeeper<\/strong>, notre syst\u00e8me de gestion int\u00e9gr\u00e9 pour les op\u00e9rateurs.<\/li>\n\n\n\n<li><strong>disasTik<\/strong>, plate-forme de sauvegarde et de r\u00e9cup\u00e9ration pour les appareils <strong>MikroTik<\/strong>.<\/li>\n\n\n\n<li>Les nouveaux outils que nous d\u00e9veloppons pour optimiser la gestion technique et commerciale des r\u00e9seaux.<\/li>\n<\/ul>\n\n\n\n<p>Ces solutions permettent aux op\u00e9rateurs de <strong>automatiser les processus, am\u00e9liorer la gestion des clients et accro\u00eetre l'efficacit\u00e9 op\u00e9rationnelle de leurs r\u00e9seaux.<\/strong>.<\/p>\n\n\n\n<h2 class=\"wp-block-heading\"><strong>Une entreprise argentine engag\u00e9e sur le march\u00e9 espagnol<\/strong><\/h2>\n\n\n\n<p>Bien que <strong>anatod \u00ae est une entreprise argentine<\/strong>, Nous travaillons depuis des ann\u00e9es avec des op\u00e9rateurs en Espagne et nous adaptons nos solutions aux besoins du march\u00e9 europ\u00e9en.<\/p>\n\n\n\n<p>Notre participation continue \u00e0 des \u00e9v\u00e9nements tels que le <strong>Salon de la technologie AOTEC<\/strong> s'inscrit dans le cadre de notre engagement \u00e0 <strong>accompagner la croissance du secteur des t\u00e9l\u00e9communications en Espagne<\/strong> et maintenir un contact direct avec les op\u00e9rateurs.<\/p>\n\n\n\n<h2 class=\"wp-block-heading\"><strong>Rendez-vous \u00e0 la foire AOTEC de S\u00e9ville<\/strong><\/h2>\n\n\n\n<p>Si vous assistez \u00e0 la <strong>Salon technologique AOTEC 2026 \u00e0 S\u00e9ville<\/strong>, Nous vous invitons \u00e0 nous rendre visite sur notre stand pour nous rencontrer, partager des id\u00e9es et d\u00e9couvrir comment nos solutions peuvent vous aider \u00e0 am\u00e9liorer la gestion de votre op\u00e9rateur.<\/p>\n\n\n\n<p><strong>Rendez-vous les 28 et 29 mai \u00e0 S\u00e9ville.<\/strong><\/p>","protected":false},"excerpt":{"rendered":"<p>anatod \u00ae sera pr\u00e9sent \u00e0 la foire technologique AOTEC 2026 \u00e0 S\u00e9ville les 28 et 29 mai, partageant un stand avec Vimtel et pr\u00e9sentant des solutions pour les op\u00e9rateurs de t\u00e9l\u00e9communications.<\/p>","protected":false},"author":1,"featured_media":10064,"comment_status":"closed","ping_status":"closed","sticky":false,"template":"","format":"standard","meta":{"footnotes":""},"categories":[1],"tags":[],"class_list":["post-10063","post","type-post","status-publish","format-standard","has-post-thumbnail","hentry","category-otros","category-1","description-off"],"_links":{"self":[{"href":"https:\/\/www.anatod.com\/fr\/wp-json\/wp\/v2\/posts\/10063","targetHints":{"allow":["GET"]}}],"collection":[{"href":"https:\/\/www.anatod.com\/fr\/wp-json\/wp\/v2\/posts"}],"about":[{"href":"https:\/\/www.anatod.com\/fr\/wp-json\/wp\/v2\/types\/post"}],"author":[{"embeddable":true,"href":"https:\/\/www.anatod.com\/fr\/wp-json\/wp\/v2\/users\/1"}],"replies":[{"embeddable":true,"href":"https:\/\/www.anatod.com\/fr\/wp-json\/wp\/v2\/comments?post=10063"}],"version-history":[{"count":4,"href":"https:\/\/www.anatod.com\/fr\/wp-json\/wp\/v2\/posts\/10063\/revisions"}],"predecessor-version":[{"id":10068,"href":"https:\/\/www.anatod.com\/fr\/wp-json\/wp\/v2\/posts\/10063\/revisions\/10068"}],"wp:featuredmedia":[{"embeddable":true,"href":"https:\/\/www.anatod.com\/fr\/wp-json\/wp\/v2\/media\/10064"}],"wp:attachment":[{"href":"https:\/\/www.anatod.com\/fr\/wp-json\/wp\/v2\/media?parent=10063"}],"wp:term":[{"taxonomy":"category","embeddable":true,"href":"https:\/\/www.anatod.com\/fr\/wp-json\/wp\/v2\/categories?post=10063"},{"taxonomy":"post_tag","embeddable":true,"href":"https:\/\/www.anatod.com\/fr\/wp-json\/wp\/v2\/tags?post=10063"}],"curies":[{"name":"wp","href":"https:\/\/api.w.org\/{rel}","templated":true}]}}